{"id":790,"date":"2020-11-27T04:28:03","date_gmt":"2020-11-27T04:28:03","guid":{"rendered":"http:\/\/forosonodoc.org\/?p=790"},"modified":"2020-11-27T04:33:59","modified_gmt":"2020-11-27T04:33:59","slug":"tercera-llamada-sonodoc2020","status":"publish","type":"post","link":"https:\/\/forosonodoc.org\/index.php\/2020\/11\/27\/tercera-llamada-sonodoc2020\/","title":{"rendered":"Tercera llamada: #SONODOC2020"},"content":{"rendered":"\n<p>Ha llegado la hora de migrar al mundo digital.<\/p>\n\n\n\n<p>Este a\u00f1o, el Foro de Documental Sonoro en Espa\u00f1ol, SONODOC, se llevar\u00e1 a cabo de forma virtual del 1 al 6 de diciembre, con el apoyo de la Plataforma Abierta de Innovaci\u00f3n de Jalisco, PLAi.<\/p>\n\n\n\n<p>Al programa de actividades se sumaron m\u00e1s de 30 expertos en sonido, provenientes de diversos pa\u00edses de habla hispana. Los ejes tem\u00e1ticos de esta edici\u00f3n son el documental sonoro, el periodismo sonoro en tiempos de crisis, el paisaje sonoro, las tecnolog\u00edas inmersivas para la documentaci\u00f3n sonora, podcast y la preservaci\u00f3n de archivos sonoros.<\/p>\n\n\n\n<p>Conoce m\u00e1s, <a rel=\"noreferrer noopener\" href=\"https:\/\/forosonodoc.org\/index.php\/virtual-2020\/\" target=\"_blank\">aqu\u00ed.<\/a><\/p>\n\n\n\n<p><strong>Registro gratuito y asistencia por Zoom:<\/strong><br><br><br>&nbsp;<br><strong>Transmisi\u00f3n:<\/strong><br><\/p>\n\n\n\n<p>\u00a1Los esperamos!<\/p>\n\n\n\n<div class=\"wp-block-image\"><figure class=\"aligncenter size-large\"><img decoding=\"async\" loading=\"lazy\" width=\"1024\" height=\"512\" src=\"https:\/\/forosonodoc.org\/wp-content\/uploads\/2020\/11\/SD_2020_Gene\u0301rcio-1024x512.png\" alt=\"\" class=\"wp-image-711\" srcset=\"https:\/\/forosonodoc.org\/wp-content\/uploads\/2020\/11\/SD_2020_Gene\u0301rcio-1024x512.png 1024w, https:\/\/forosonodoc.org\/wp-content\/uploads\/2020\/11\/SD_2020_Gene\u0301rcio-300x150.png 300w, https:\/\/forosonodoc.org\/wp-content\/uploads\/2020\/11\/SD_2020_Gene\u0301rcio-768x384.png 768w, https:\/\/forosonodoc.org\/wp-content\/uploads\/2020\/11\/SD_2020_Gene\u0301rcio-1536x768.png 1536w, https:\/\/forosonodoc.org\/wp-content\/uploads\/2020\/11\/SD_2020_Gene\u0301rcio-2048x1024.png 2048w\" sizes=\"(max-width: 1024px) 100vw, 1024px\" \/><\/figure><\/div>\n","protected":false},"excerpt":{"rendered":"<p>Ha llegado la hora de migrar al mundo digital. Este a\u00f1o, el Foro de Documental Sonoro en Espa\u00f1ol, SONODOC, se llevar\u00e1 a cabo de forma virtual del 1 al 6 de diciembre, con el apoyo ...<\/p>\n","protected":false},"author":1,"featured_media":0,"comment_status":"open","ping_status":"open","sticky":true,"template":"","format":"standard","meta":[],"categories":[1],"tags":[6,24,7,22,23],"_links":{"self":[{"href":"https:\/\/forosonodoc.org\/index.php\/wp-json\/wp\/v2\/posts\/790"}],"collection":[{"href":"https:\/\/forosonodoc.org\/index.php\/wp-json\/wp\/v2\/posts"}],"about":[{"href":"https:\/\/forosonodoc.org\/index.php\/wp-json\/wp\/v2\/types\/post"}],"author":[{"embeddable":true,"href":"https:\/\/forosonodoc.org\/index.php\/wp-json\/wp\/v2\/users\/1"}],"replies":[{"embeddable":true,"href":"https:\/\/forosonodoc.org\/index.php\/wp-json\/wp\/v2\/comments?post=790"}],"version-history":[{"count":5,"href":"https:\/\/forosonodoc.org\/index.php\/wp-json\/wp\/v2\/posts\/790\/revisions"}],"predecessor-version":[{"id":795,"href":"https:\/\/forosonodoc.org\/index.php\/wp-json\/wp\/v2\/posts\/790\/revisions\/795"}],"wp:attachment":[{"href":"https:\/\/forosonodoc.org\/index.php\/wp-json\/wp\/v2\/media?parent=790"}],"wp:term":[{"taxonomy":"category","embeddable":true,"href":"https:\/\/forosonodoc.org\/index.php\/wp-json\/wp\/v2\/categories?post=790"},{"taxonomy":"post_tag","embeddable":true,"href":"https:\/\/forosonodoc.org\/index.php\/wp-json\/wp\/v2\/tags?post=790"}],"curies":[{"name":"wp","href":"https:\/\/api.w.org\/{rel}","templated":true}]}}