{"id":672,"date":"2019-11-19T03:21:08","date_gmt":"2019-11-19T03:21:08","guid":{"rendered":"http:\/\/forosonodoc.org\/?p=672"},"modified":"2019-11-19T05:46:32","modified_gmt":"2019-11-19T05:46:32","slug":"4to-foro-sonodoc","status":"publish","type":"post","link":"https:\/\/forosonodoc.org\/index.php\/2019\/11\/19\/4to-foro-sonodoc\/","title":{"rendered":"\u00a1Listos para el 4to. Foro SONODOC!"},"content":{"rendered":"\n<figure class=\"wp-block-image\"><img decoding=\"async\" loading=\"lazy\" width=\"800\" height=\"800\" src=\"https:\/\/forosonodoc.org\/wp-content\/uploads\/2019\/11\/flyercuadrado.jpeg\" alt=\"\" class=\"wp-image-675\" srcset=\"https:\/\/forosonodoc.org\/wp-content\/uploads\/2019\/11\/flyercuadrado.jpeg 800w, https:\/\/forosonodoc.org\/wp-content\/uploads\/2019\/11\/flyercuadrado-150x150.jpeg 150w, https:\/\/forosonodoc.org\/wp-content\/uploads\/2019\/11\/flyercuadrado-300x300.jpeg 300w, https:\/\/forosonodoc.org\/wp-content\/uploads\/2019\/11\/flyercuadrado-768x768.jpeg 768w\" sizes=\"(max-width: 800px) 100vw, 800px\" \/><\/figure>\n\n\n\n<div style=\"height:100px\" aria-hidden=\"true\" class=\"wp-block-spacer\"><\/div>\n\n\n\n<p><strong>\u00a1UNIDOS M\u00c1S QUE NUNCA PARA CONTAR HISTORIAS!<\/strong><\/p>\n\n\n\n<p>El 20 y 21 de noviembre se llevar\u00e1 a cabo en Manizales, Colombia, el 4to. Foro de Documental Sonoro en Espa\u00f1ol. <\/p>\n\n\n\n<p>Con el apoyo de Radio Nacional de Colombia, Radi\u00f3nica y Universidad de Manizales, ofreceremos mesas, conferencias, talleres, caminatas sonoras y escuchas colectivas.<\/p>\n\n\n\n<p>El evento es libre y gratuito, solo se requiere inscripci\u00f3n previa en el siguiente enlace:&nbsp;<\/p>\n\n\n\n<p><a href=\"https:\/\/docs.google.com\/forms\/d\/e\/1FAIpQLSfsozfTpYquHOHICLttb3trEYZgkqVRyhTqZGW1nLWVydz19A\/viewform\">https:\/\/docs.google.com\/forms\/d\/e\/1FAIpQLSfsozfTpYquHOHICLttb3trEYZgkqVRyhTqZGW1nLWVydz19A\/viewform<\/a><\/p>\n\n\n\n<ul class=\"wp-block-gallery columns-2 is-cropped wp-block-gallery-1 is-layout-flex\"><li class=\"blocks-gallery-item\"><figure><img decoding=\"async\" loading=\"lazy\" width=\"410\" height=\"1024\" src=\"https:\/\/forosonodoc.org\/wp-content\/uploads\/2019\/11\/TOTEM-PROGRAMA-60-X-150-02-410x1024.png\" alt=\"\" data-id=\"676\" data-link=\"https:\/\/forosonodoc.org\/index.php\/2019\/11\/19\/4to-foro-sonodoc\/totem-programa-60-x-150-02\/\" class=\"wp-image-676\" srcset=\"https:\/\/forosonodoc.org\/wp-content\/uploads\/2019\/11\/TOTEM-PROGRAMA-60-X-150-02-410x1024.png 410w, https:\/\/forosonodoc.org\/wp-content\/uploads\/2019\/11\/TOTEM-PROGRAMA-60-X-150-02-120x300.png 120w, https:\/\/forosonodoc.org\/wp-content\/uploads\/2019\/11\/TOTEM-PROGRAMA-60-X-150-02-768x1920.png 768w, https:\/\/forosonodoc.org\/wp-content\/uploads\/2019\/11\/TOTEM-PROGRAMA-60-X-150-02.png 1701w\" sizes=\"(max-width: 410px) 100vw, 410px\" \/><\/figure><\/li><li class=\"blocks-gallery-item\"><figure><img decoding=\"async\" loading=\"lazy\" width=\"576\" height=\"1024\" src=\"https:\/\/forosonodoc.org\/wp-content\/uploads\/2019\/11\/75521854_2485187615063961_1070474401859764224_o-576x1024.jpg\" alt=\"\" data-id=\"677\" data-link=\"https:\/\/forosonodoc.org\/index.php\/2019\/11\/19\/4to-foro-sonodoc\/75521854_2485187615063961_1070474401859764224_o\/\" class=\"wp-image-677\" srcset=\"https:\/\/forosonodoc.org\/wp-content\/uploads\/2019\/11\/75521854_2485187615063961_1070474401859764224_o-576x1024.jpg 576w, https:\/\/forosonodoc.org\/wp-content\/uploads\/2019\/11\/75521854_2485187615063961_1070474401859764224_o-169x300.jpg 169w, https:\/\/forosonodoc.org\/wp-content\/uploads\/2019\/11\/75521854_2485187615063961_1070474401859764224_o.jpg 720w\" sizes=\"(max-width: 576px) 100vw, 576px\" \/><\/figure><\/li><\/ul>\n","protected":false},"excerpt":{"rendered":"<p>\u00a1UNIDOS M\u00c1S QUE NUNCA PARA CONTAR HISTORIAS! El 20 y 21 de noviembre se llevar\u00e1 a cabo en Manizales, Colombia, el 4to. Foro de Documental Sonoro en Espa\u00f1ol. Con el apoyo de Radio Nacional de ...<\/p>\n","protected":false},"author":1,"featured_media":0,"comment_status":"open","ping_status":"open","sticky":false,"template":"","format":"standard","meta":[],"categories":[1],"tags":[],"_links":{"self":[{"href":"https:\/\/forosonodoc.org\/index.php\/wp-json\/wp\/v2\/posts\/672"}],"collection":[{"href":"https:\/\/forosonodoc.org\/index.php\/wp-json\/wp\/v2\/posts"}],"about":[{"href":"https:\/\/forosonodoc.org\/index.php\/wp-json\/wp\/v2\/types\/post"}],"author":[{"embeddable":true,"href":"https:\/\/forosonodoc.org\/index.php\/wp-json\/wp\/v2\/users\/1"}],"replies":[{"embeddable":true,"href":"https:\/\/forosonodoc.org\/index.php\/wp-json\/wp\/v2\/comments?post=672"}],"version-history":[{"count":5,"href":"https:\/\/forosonodoc.org\/index.php\/wp-json\/wp\/v2\/posts\/672\/revisions"}],"predecessor-version":[{"id":690,"href":"https:\/\/forosonodoc.org\/index.php\/wp-json\/wp\/v2\/posts\/672\/revisions\/690"}],"wp:attachment":[{"href":"https:\/\/forosonodoc.org\/index.php\/wp-json\/wp\/v2\/media?parent=672"}],"wp:term":[{"taxonomy":"category","embeddable":true,"href":"https:\/\/forosonodoc.org\/index.php\/wp-json\/wp\/v2\/categories?post=672"},{"taxonomy":"post_tag","embeddable":true,"href":"https:\/\/forosonodoc.org\/index.php\/wp-json\/wp\/v2\/tags?post=672"}],"curies":[{"name":"wp","href":"https:\/\/api.w.org\/{rel}","templated":true}]}}