{"id":322,"date":"2019-07-15T01:59:46","date_gmt":"2019-07-15T01:59:46","guid":{"rendered":"http:\/\/forosonodoc.org\/?p=322"},"modified":"2019-07-24T01:16:56","modified_gmt":"2019-07-24T01:16:56","slug":"asi-suena-la-vida-programa-de-radio-mambi-en-santiago-de-cuba-que-honra-el-arte-del-documental-sonoro","status":"publish","type":"post","link":"https:\/\/forosonodoc.org\/index.php\/2019\/07\/15\/asi-suena-la-vida-programa-de-radio-mambi-en-santiago-de-cuba-que-honra-el-arte-del-documental-sonoro\/","title":{"rendered":"\u201cAs\u00ed suena la vida\u201d | Programa de Radio Mamb\u00ed, en Santiago de Cuba, que honra el arte del documental sonoro."},"content":{"rendered":"\n<p>Los s\u00e1bados, a las nueve de la ma\u00f1ana y durante 25 minutos, podr\u00e1s escuchar esta propuesta de la programaci\u00f3n de verano de Radio Mamb\u00ed que quiere erigirse en plataforma para que los realizadores cuenten sus experiencias entorno a la investigaci\u00f3n, la t\u00e9cnica y el estilo a la hora de contar historias de vida.<\/p>\n\n\n\n<p>Asimismo, se propone estrenar documentales sonoros realizados en el territorio, as\u00ed como radiar otros materiales galardonados en diferentes concursos y festivales, bajo la \u00f3ptica de que somos municipio del mundo, acorde con la comunicaci\u00f3n contempor\u00e1nea.<\/p>\n\n\n\n<p>El colectivo de \u201cAs\u00ed suena la vida\u201d est\u00e1 integrado por Yamileisis Laurencio (direcci\u00f3n), Reinaldo Cede\u00f1o (gui\u00f3n) y Katiuska Ramos (conducci\u00f3n), as\u00ed como por Jorge Garc\u00eda (grabaci\u00f3n y edici\u00f3n), Mayra cruz (asesora), Georkys Cede\u00f1o (dise\u00f1o sonoro)  y las voces promocionales de Arline S\u00e1nchez y Lisandra P\u00e9rez.<\/p>\n\n\n\n<p>El programa es resultado del taller \u201cContar historias con sonidos\u201d impartido por el reconocido radialista y escritor Juan Carlos Roque Garc\u00eda, del Foro de Documental Sonoro (SONODOC), en la propia emisora a principios del actual a\u00f1o. <\/p>\n\n\n\n<p>El cap\u00edtulo elegido para estrenar este espacio corresponde a la serie \u201cAm\u00e9rica entretejida\u201d, autor\u00eda de Roque.<\/p>\n\n\n\n<p>Se prev\u00e9 que otros programas de los realizadores del foro sean incluidos en la programaci\u00f3n, dada la probabilidad de que se extienda a los venideros meses.<\/p>\n","protected":false},"excerpt":{"rendered":"<p>Los s\u00e1bados, a las nueve de la ma\u00f1ana y durante 25 minutos, podr\u00e1s escuchar esta propuesta de la programaci\u00f3n de verano de Radio Mamb\u00ed que quiere erigirse en plataforma para que los realizadores cuenten sus ...<\/p>\n","protected":false},"author":1,"featured_media":0,"comment_status":"open","ping_status":"open","sticky":false,"template":"","format":"standard","meta":[],"categories":[1],"tags":[17,16,14,6,12,18,15,7,13,8],"_links":{"self":[{"href":"https:\/\/forosonodoc.org\/index.php\/wp-json\/wp\/v2\/posts\/322"}],"collection":[{"href":"https:\/\/forosonodoc.org\/index.php\/wp-json\/wp\/v2\/posts"}],"about":[{"href":"https:\/\/forosonodoc.org\/index.php\/wp-json\/wp\/v2\/types\/post"}],"author":[{"embeddable":true,"href":"https:\/\/forosonodoc.org\/index.php\/wp-json\/wp\/v2\/users\/1"}],"replies":[{"embeddable":true,"href":"https:\/\/forosonodoc.org\/index.php\/wp-json\/wp\/v2\/comments?post=322"}],"version-history":[{"count":2,"href":"https:\/\/forosonodoc.org\/index.php\/wp-json\/wp\/v2\/posts\/322\/revisions"}],"predecessor-version":[{"id":324,"href":"https:\/\/forosonodoc.org\/index.php\/wp-json\/wp\/v2\/posts\/322\/revisions\/324"}],"wp:attachment":[{"href":"https:\/\/forosonodoc.org\/index.php\/wp-json\/wp\/v2\/media?parent=322"}],"wp:term":[{"taxonomy":"category","embeddable":true,"href":"https:\/\/forosonodoc.org\/index.php\/wp-json\/wp\/v2\/categories?post=322"},{"taxonomy":"post_tag","embeddable":true,"href":"https:\/\/forosonodoc.org\/index.php\/wp-json\/wp\/v2\/tags?post=322"}],"curies":[{"name":"wp","href":"https:\/\/api.w.org\/{rel}","templated":true}]}}